{"id":1307,"date":"2023-05-11T12:14:06","date_gmt":"2023-05-11T12:14:06","guid":{"rendered":"https:\/\/syndesisdev.wpengine.com\/syndesis-health-e-lacardio-assinam-acordo-de-colaboracao-em-pesquisa\/"},"modified":"2023-09-29T16:05:22","modified_gmt":"2023-09-29T16:05:22","slug":"syndesis-health-e-lacardio-assinam-acordo-de-colaboracao-em-pesquisa","status":"publish","type":"post","link":"https:\/\/syndesis.com\/pt-br\/syndesis-health-e-lacardio-assinam-acordo-de-colaboracao-em-pesquisa\/","title":{"rendered":"Syndesis Health e LaCardio assinam acordo de colabora\u00e7\u00e3o em pesquisa"},"content":{"rendered":"\t\t<div data-elementor-type=\"wp-post\" data-elementor-id=\"1307\" class=\"elementor elementor-1307 elementor-305\" data-elementor-post-type=\"post\">\n\t\t\t\t\t\t<section class=\"elementor-section elementor-top-section elementor-element elementor-element-47cf0473 elementor-section-boxed elementor-section-height-default elementor-section-height-default\" data-id=\"47cf0473\" data-element_type=\"section\" data-e-type=\"section\">\n\t\t\t\t\t\t<div class=\"elementor-container elementor-column-gap-default\">\n\t\t\t\t\t<div class=\"elementor-column elementor-col-100 elementor-top-column elementor-element elementor-element-60621418\" data-id=\"60621418\" data-element_type=\"column\" data-e-type=\"column\">\n\t\t\t<div class=\"elementor-widget-wrap\">\n\t\t\t\t\t\t\t<\/div>\n\t\t<\/div>\n\t\t\t\t\t<\/div>\n\t\t<\/section>\n\t\t\t\t<section class=\"elementor-section elementor-top-section elementor-element elementor-element-e310baf elementor-section-boxed elementor-section-height-default elementor-section-height-default\" data-id=\"e310baf\" data-element_type=\"section\" data-e-type=\"section\">\n\t\t\t\t\t\t<div class=\"elementor-container elementor-column-gap-default\">\n\t\t\t\t\t<div class=\"elementor-column elementor-col-66 elementor-top-column elementor-element elementor-element-780e629e\" data-id=\"780e629e\" data-element_type=\"column\" data-e-type=\"column\">\n\t\t\t<div class=\"elementor-widget-wrap elementor-element-populated\">\n\t\t\t\t\t\t<div class=\"elementor-element elementor-element-58f9ec84 elementor-widget elementor-widget-button\" data-id=\"58f9ec84\" data-element_type=\"widget\" data-e-type=\"widget\" data-widget_type=\"button.default\">\n\t\t\t\t<div class=\"elementor-widget-container\">\n\t\t\t\t\t\t\t\t\t<div class=\"elementor-button-wrapper\">\n\t\t\t\t\t<a class=\"elementor-button elementor-button-link elementor-size-sm\" href=\"https:\/\/syndesis.com\/pt-br\/o-que-ha-de-novo\/\">\n\t\t\t\t\t\t<span class=\"elementor-button-content-wrapper\">\n\t\t\t\t\t\t<span class=\"elementor-button-icon\">\n\t\t\t\t<i aria-hidden=\"true\" class=\"fas fa-chevron-left\"><\/i>\t\t\t<\/span>\n\t\t\t\t\t\t\t\t\t<span class=\"elementor-button-text\">O que h\u00e1 de novo<\/span>\n\t\t\t\t\t<\/span>\n\t\t\t\t\t<\/a>\n\t\t\t\t<\/div>\n\t\t\t\t\t\t\t\t<\/div>\n\t\t\t\t<\/div>\n\t\t\t\t<div class=\"elementor-element elementor-element-79dc7b9b elementor-widget elementor-widget-heading\" data-id=\"79dc7b9b\" data-element_type=\"widget\" data-e-type=\"widget\" data-widget_type=\"heading.default\">\n\t\t\t\t<div class=\"elementor-widget-container\">\n\t\t\t\t\t<h2 class=\"elementor-heading-title elementor-size-default\">Syndesis Health e LaCardio assinam acordo de colabora\u00e7\u00e3o em pesquisa<\/h2>\t\t\t\t<\/div>\n\t\t\t\t<\/div>\n\t\t\t\t<div class=\"elementor-element elementor-element-260e9cb9 elementor-icon-list--layout-traditional elementor-list-item-link-full_width elementor-widget elementor-widget-icon-list\" data-id=\"260e9cb9\" data-element_type=\"widget\" data-e-type=\"widget\" data-widget_type=\"icon-list.default\">\n\t\t\t\t<div class=\"elementor-widget-container\">\n\t\t\t\t\t\t\t<ul class=\"elementor-icon-list-items\">\n\t\t\t\t\t\t\t<li class=\"elementor-icon-list-item\">\n\t\t\t\t\t\t\t\t\t\t<span class=\"elementor-icon-list-text\">11 de maio de 2023 | Not\u00edcias<\/span>\n\t\t\t\t\t\t\t\t\t<\/li>\n\t\t\t\t\t\t<\/ul>\n\t\t\t\t\t\t<\/div>\n\t\t\t\t<\/div>\n\t\t\t\t<div class=\"elementor-element elementor-element-1b70e17e elementor-widget elementor-widget-text-editor\" data-id=\"1b70e17e\" data-element_type=\"widget\" data-e-type=\"widget\" data-widget_type=\"text-editor.default\">\n\t\t\t\t<div class=\"elementor-widget-container\">\n\t\t\t\t\t\t\t\t\t<p>A Syndesis Health anunciou hoje que assinou um acordo de colabora\u00e7\u00e3o em pesquisa e compartilhamento de informa\u00e7\u00f5es com a <a href=\"https:\/\/cardioinfantil.org\/\">Fundaci\u00f3n Cardio Infantil Instituto de Cardiolog\u00eda (LaCardio)<\/a>, um importante hospital cardiovascular em Bogot\u00e1, Col\u00f4mbia.<\/p>\n<p>A LaCardio est\u00e1 se juntando \u00e0 Syndesis Health Network juntamente com institui\u00e7\u00f5es de sa\u00fade progressistas da Am\u00e9rica do Sul, \u00c1sia e \u00c1frica. A Syndesis Health criou sua rede global de parceiros da \u00e1rea de sa\u00fade para permitir o acesso seguro a um conjunto de dados do mundo real em v\u00e1rios pa\u00edses. A plataforma de pesquisa global da Syndesis Health, a Syntium, unifica dados cl\u00ednicos n\u00e3o identificados desses parceiros da \u00e1rea de sa\u00fade de forma segura, \u00e9tica e compat\u00edvel para a melhoria dos resultados globais de sa\u00fade.  <\/p>\n<p>A parceria permite que a LaCardio amplie o seu compromisso de melhorar os resultados dos pacientes, aproveitando a plataforma Syndesis Health para acessar dados, an\u00e1lises e outros recursos t\u00e9cnicos. Al\u00e9m disso, a parceria permite que o hospital se envolva em oportunidades de pesquisa colaborativa com institui\u00e7\u00f5es semelhantes em todo o mundo que fazem parte da rede. <\/p>\n<p>Hans Godfrey, COO e diretor de parcerias de dados da Am\u00e9rica Latina da Syndesis Health, comentou: &#8220;Acreditamos que o futuro da sa\u00fade ser\u00e1 orientado pelos dados. Com a LaCardio como parceira da Syndesis Health Network, juntos expandiremos o potencial dos dados do mundo real para possibilitar pesquisas e tratamentos na \u00e1rea cardiovascular&#8221;.<\/p>\n<p>O Dr. Juan Gabriel Cendales, Diretor Executivo da LaCardio, declarou: &#8220;Uma das prioridades estrat\u00e9gicas da LaCardio, como hospital universit\u00e1rio e centro de pesquisa cient\u00edfica, \u00e9 continuar avan\u00e7ando em estudos cient\u00edficos e, ao mesmo tempo, contribuir para a sa\u00fade das pessoas na Col\u00f4mbia e na regi\u00e3o. Ter dados valiosos, avaliar e aplicar ferramentas, como a IA, na \u00e1rea da sa\u00fade nos permite antecipar as necessidades da popula\u00e7\u00e3o, avaliar novas alternativas e melhorar a experi\u00eancia dos pacientes e colaboradores. Essa alian\u00e7a faz parte do caminho no qual estamos trabalhando para ser o hospital do futuro.&#8221;<\/p>\n\t\t\t\t\t\t\t\t<\/div>\n\t\t\t\t<\/div>\n\t\t\t\t<div class=\"elementor-element elementor-element-b08badb elementor-widget elementor-widget-text-editor\" data-id=\"b08badb\" data-element_type=\"widget\" data-e-type=\"widget\" data-widget_type=\"text-editor.default\">\n\t\t\t\t<div class=\"elementor-widget-container\">\n\t\t\t\t\t\t\t\t\t<p><strong>Sobre a LaCardio<\/strong><\/p>\n\t\t\t\t\t\t\t\t<\/div>\n\t\t\t\t<\/div>\n\t\t\t\t<div class=\"elementor-element elementor-element-fb07192 elementor-widget elementor-widget-text-editor\" data-id=\"fb07192\" data-element_type=\"widget\" data-e-type=\"widget\" data-widget_type=\"text-editor.default\">\n\t\t\t\t<div class=\"elementor-widget-container\">\n\t\t\t\t\t\t\t\t\t<p><a href=\"https:\/\/cardioinfantil.org\/\" target=\"_blank\" rel=\"noopener\">A Fundaci\u00f3n Cardioinfantil-LaCardio<\/a> \u00e9 uma institui\u00e7\u00e3o privada, sem fins lucrativos, com 50 anos de experi\u00eancia. Fundada em 1973 pelos irm\u00e3os Reinaldo e Camilo Cabrera Polan\u00eda, \u00e9 uma das poucas institui\u00e7\u00f5es colombianas credenciadas pela Joint Commission International e tem credenciamento nacional concedido pela ICONTEC. Desde 2015, o LaCardio \u00e9 reconhecido como Hospital Universit\u00e1rio pelo Comit\u00ea Intersetorial para o Talento Humano em Sa\u00fade, em conformidade com os Minist\u00e9rios da Sa\u00fade e da Educa\u00e7\u00e3o da Col\u00f4mbia. Seu compromisso com a sa\u00fade transcende sua miss\u00e3o: operar crian\u00e7as de baixa renda com problemas card\u00edacos. A classifica\u00e7\u00e3o MERCO 2022 posicionou o LaCardio como o melhor hospital da Col\u00f4mbia. Em 2021, a Americaeconomia classificou o LaCardio em 5\u00ba lugar na Am\u00e9rica Latina, avaliando os principais processos e indicadores, incluindo seguran\u00e7a e dignidade do paciente, do capital humano, da capacidade e da gest\u00e3o do conhecimento.     <\/p>\n\t\t\t\t\t\t\t\t<\/div>\n\t\t\t\t<\/div>\n\t\t\t\t\t<\/div>\n\t\t<\/div>\n\t\t\t\t<div class=\"elementor-column elementor-col-33 elementor-top-column elementor-element elementor-element-6614617c\" data-id=\"6614617c\" data-element_type=\"column\" data-e-type=\"column\">\n\t\t\t<div class=\"elementor-widget-wrap elementor-element-populated\">\n\t\t\t\t\t\t<div class=\"elementor-element elementor-element-738564d7 elementor-widget elementor-widget-heading\" data-id=\"738564d7\" data-element_type=\"widget\" data-e-type=\"widget\" data-widget_type=\"heading.default\">\n\t\t\t\t<div class=\"elementor-widget-container\">\n\t\t\t\t\t<h2 class=\"elementor-heading-title elementor-size-default\">Publica\u00e7\u00f5es recentes<\/h2>\t\t\t\t<\/div>\n\t\t\t\t<\/div>\n\t\t\t\t<div class=\"elementor-element elementor-element-38782b31 recent-post elementor-widget elementor-widget-wp-widget-recent-posts\" data-id=\"38782b31\" data-element_type=\"widget\" data-e-type=\"widget\" data-widget_type=\"wp-widget-recent-posts.default\">\n\t\t\t\t<div class=\"elementor-widget-container\">\n\t\t\t\t\t\n\t\t\n\t\t<h5>Posts recentes<\/h5>\n\t\t<ul>\n\t\t\t\t\t\t\t\t\t\t\t<li>\n\t\t\t\t\t<a href=\"https:\/\/syndesis.com\/pt-br\/syndesis-faz-parceria-com-a-atropos-para-fornecer-rwd-diretamente-aos-profissionais-clinicos-3\/\">Syndesis faz parceria com a Atropos para fornecer RWD diretamente aos profissionais cl\u00ednicos<\/a>\n\t\t\t\t\t\t\t\t\t<\/li>\n\t\t\t\t\t\t\t\t\t\t\t<li>\n\t\t\t\t\t<a href=\"https:\/\/syndesis.com\/pt-br\/syndesis-faz-parceria-com-a-atropos-para-fornecer-rwd-diretamente-aos-profissionais-clinicos-2\/\">Syndesis faz parceria com a Atropos para fornecer RWD diretamente aos profissionais cl\u00ednicos<\/a>\n\t\t\t\t\t\t\t\t\t<\/li>\n\t\t\t\t\t\t\t\t\t\t\t<li>\n\t\t\t\t\t<a href=\"https:\/\/syndesis.com\/pt-br\/syndesis-faz-parceria-com-a-atropos-para-fornecer-rwd-diretamente-aos-profissionais-clinicos\/\">Syndesis faz parceria com a Atropos para fornecer RWD diretamente aos profissionais cl\u00ednicos<\/a>\n\t\t\t\t\t\t\t\t\t<\/li>\n\t\t\t\t\t\t\t\t\t\t\t<li>\n\t\t\t\t\t<a href=\"https:\/\/syndesis.com\/pt-br\/usando-dados-da-syndesis-para-desenvolver-ferramentas-de-ia-para-otimizar-o-tratamento-de-doencas-cardiovasculares-2\/\">Syndesis faz parceria com a Atropos para fornecer RWD diretamente aos profissionais cl\u00ednicos<\/a>\n\t\t\t\t\t\t\t\t\t<\/li>\n\t\t\t\t\t\t\t\t\t\t\t<li>\n\t\t\t\t\t<a href=\"https:\/\/syndesis.com\/pt-br\/usando-dados-da-syndesis-para-desenvolver-ferramentas-de-ia-para-otimizar-o-tratamento-de-doencas-cardiovasculares\/\">Usando dados da Syndesis para desenvolver ferramentas de IA para otimizar o tratamento de doen\u00e7as cardiovasculares<\/a>\n\t\t\t\t\t\t\t\t\t<\/li>\n\t\t\t\t\t<\/ul>\n\n\t\t\t\t\t\t<\/div>\n\t\t\t\t<\/div>\n\t\t\t\t<div class=\"elementor-element elementor-element-15c98add elementor-widget elementor-widget-heading\" data-id=\"15c98add\" data-element_type=\"widget\" data-e-type=\"widget\" data-widget_type=\"heading.default\">\n\t\t\t\t<div class=\"elementor-widget-container\">\n\t\t\t\t\t<h2 class=\"elementor-heading-title elementor-size-default\">Categor\u00edas<\/h2>\t\t\t\t<\/div>\n\t\t\t\t<\/div>\n\t\t\t\t<div class=\"elementor-element elementor-element-7d44455d elementor-icon-list--layout-traditional elementor-list-item-link-full_width elementor-widget elementor-widget-icon-list\" data-id=\"7d44455d\" data-element_type=\"widget\" data-e-type=\"widget\" data-widget_type=\"icon-list.default\">\n\t\t\t\t<div class=\"elementor-widget-container\">\n\t\t\t\t\t\t\t<ul class=\"elementor-icon-list-items\">\n\t\t\t\t\t\t\t<li class=\"elementor-icon-list-item\">\n\t\t\t\t\t\t\t\t\t\t\t<a href=\"https:\/\/syndesis.com\/pt-br\/o-que-ha-de-novo\/blog\/\">\n\n\t\t\t\t\t\t\t\t\t\t\t<span class=\"elementor-icon-list-text\">Blog<\/span>\n\t\t\t\t\t\t\t\t\t\t\t<\/a>\n\t\t\t\t\t\t\t\t\t<\/li>\n\t\t\t\t\t\t\t\t<li class=\"elementor-icon-list-item\">\n\t\t\t\t\t\t\t\t\t\t\t<a href=\"https:\/\/syndesis.com\/pt-br\/o-que-ha-de-novo\/noticias\/\">\n\n\t\t\t\t\t\t\t\t\t\t\t<span class=\"elementor-icon-list-text\">Noticias<\/span>\n\t\t\t\t\t\t\t\t\t\t\t<\/a>\n\t\t\t\t\t\t\t\t\t<\/li>\n\t\t\t\t\t\t<\/ul>\n\t\t\t\t\t\t<\/div>\n\t\t\t\t<\/div>\n\t\t\t\t<div class=\"elementor-element elementor-element-fa34f12 elementor-widget elementor-widget-heading\" data-id=\"fa34f12\" data-element_type=\"widget\" data-e-type=\"widget\" data-widget_type=\"heading.default\">\n\t\t\t\t<div class=\"elementor-widget-container\">\n\t\t\t\t\t<h2 class=\"elementor-heading-title elementor-size-default\">Archivo<\/h2>\t\t\t\t<\/div>\n\t\t\t\t<\/div>\n\t\t\t\t<div class=\"elementor-element elementor-element-6488f86 elementor-icon-list--layout-traditional elementor-list-item-link-full_width elementor-widget elementor-widget-icon-list\" data-id=\"6488f86\" data-element_type=\"widget\" data-e-type=\"widget\" data-widget_type=\"icon-list.default\">\n\t\t\t\t<div class=\"elementor-widget-container\">\n\t\t\t\t\t\t\t<ul class=\"elementor-icon-list-items\">\n\t\t\t\t\t\t\t<li class=\"elementor-icon-list-item\">\n\t\t\t\t\t\t\t\t\t\t\t<a href=\"https:\/\/syndesis.com\/pt-br\/o-que-ha-de-novo\/junho-de-2023\/\">\n\n\t\t\t\t\t\t\t\t\t\t\t<span class=\"elementor-icon-list-text\"> Junho de 2023<\/span>\n\t\t\t\t\t\t\t\t\t\t\t<\/a>\n\t\t\t\t\t\t\t\t\t<\/li>\n\t\t\t\t\t\t\t\t<li class=\"elementor-icon-list-item\">\n\t\t\t\t\t\t\t\t\t\t\t<a href=\"https:\/\/syndesis.com\/pt-br\/o-que-ha-de-novo\/maio-de-2023\/\">\n\n\t\t\t\t\t\t\t\t\t\t\t<span class=\"elementor-icon-list-text\"> Maio de 2023<\/span>\n\t\t\t\t\t\t\t\t\t\t\t<\/a>\n\t\t\t\t\t\t\t\t\t<\/li>\n\t\t\t\t\t\t\t\t<li class=\"elementor-icon-list-item\">\n\t\t\t\t\t\t\t\t\t\t\t<a href=\"https:\/\/syndesis.com\/pt-br\/o-que-ha-de-novo\/abril-de-2023\/\">\n\n\t\t\t\t\t\t\t\t\t\t\t<span class=\"elementor-icon-list-text\">Abril de 2023<\/span>\n\t\t\t\t\t\t\t\t\t\t\t<\/a>\n\t\t\t\t\t\t\t\t\t<\/li>\n\t\t\t\t\t\t<\/ul>\n\t\t\t\t\t\t<\/div>\n\t\t\t\t<\/div>\n\t\t\t\t\t<\/div>\n\t\t<\/div>\n\t\t\t\t\t<\/div>\n\t\t<\/section>\n\t\t\t\t<section class=\"elementor-section elementor-top-section elementor-element elementor-element-116d670 elementor-section-boxed elementor-section-height-default elementor-section-height-default\" data-id=\"116d670\" data-element_type=\"section\" data-e-type=\"section\">\n\t\t\t\t\t\t<div class=\"elementor-container elementor-column-gap-default\">\n\t\t\t\t\t<div class=\"elementor-column elementor-col-100 elementor-top-column elementor-element elementor-element-7289d49\" data-id=\"7289d49\" data-element_type=\"column\" data-e-type=\"column\">\n\t\t\t<div class=\"elementor-widget-wrap\">\n\t\t\t\t\t\t\t<\/div>\n\t\t<\/div>\n\t\t\t\t\t<\/div>\n\t\t<\/section>\n\t\t\t\t<\/div>\n\t\t","protected":false},"excerpt":{"rendered":"<p>O que h\u00e1 de novo Syndesis Health e LaCardio assinam acordo de colabora\u00e7\u00e3o em pesquisa 11 de maio de 2023 | Not\u00edcias A Syndesis Health anunciou hoje que assinou um acordo de colabora\u00e7\u00e3o em pesquisa e compartilhamento de informa\u00e7\u00f5es com a Fundaci\u00f3n Cardio Infantil Instituto de Cardiolog\u00eda (LaCardio), um importante hospital cardiovascular em Bogot\u00e1, Col\u00f4mbia. [&hellip;]<\/p>\n","protected":false},"author":1,"featured_media":0,"comment_status":"open","ping_status":"open","sticky":false,"template":"elementor_header_footer","format":"standard","meta":{"content-type":"","footnotes":""},"categories":[67],"tags":[73],"class_list":["post-1307","post","type-post","status-publish","format-standard","hentry","category-noticias-pt-br","tag-maio-de-2023"],"yoast_head":"<!-- This site is optimized with the Yoast SEO plugin v27.5 - https:\/\/yoast.com\/product\/yoast-seo-wordpress\/ -->\n<title>Syndesis Health e LaCardio assinam acordo de colabora\u00e7\u00e3o em pesquisa<\/title>\n<meta name=\"description\" content=\"A LaCardio est\u00e1 se juntando \u00e0 Syndesis Health Network juntamente com institui\u00e7\u00f5es de sa\u00fade progressistas da Am\u00e9rica do Sul, \u00c1sia e \u00c1frica.\" \/>\n<meta name=\"robots\" content=\"index, follow, max-snippet:-1, max-image-preview:large, max-video-preview:-1\" \/>\n<link rel=\"canonical\" href=\"https:\/\/syndesis.com\/pt-br\/syndesis-health-e-lacardio-assinam-acordo-de-colaboracao-em-pesquisa\/\" \/>\n<meta property=\"og:locale\" content=\"pt_BR\" \/>\n<meta property=\"og:type\" content=\"article\" \/>\n<meta property=\"og:title\" content=\"Syndesis Health e LaCardio assinam acordo de colabora\u00e7\u00e3o em pesquisa\" \/>\n<meta property=\"og:description\" content=\"A LaCardio est\u00e1 se juntando \u00e0 Syndesis Health Network juntamente com institui\u00e7\u00f5es de sa\u00fade progressistas da Am\u00e9rica do Sul, \u00c1sia e \u00c1frica.\" \/>\n<meta property=\"og:url\" content=\"https:\/\/syndesis.com\/pt-br\/syndesis-health-e-lacardio-assinam-acordo-de-colaboracao-em-pesquisa\/\" \/>\n<meta property=\"og:site_name\" content=\"Syndesis Health\" \/>\n<meta property=\"article:published_time\" content=\"2023-05-11T12:14:06+00:00\" \/>\n<meta property=\"article:modified_time\" content=\"2023-09-29T16:05:22+00:00\" \/>\n<meta name=\"author\" content=\"syndesis\" \/>\n<meta name=\"twitter:card\" content=\"summary_large_image\" \/>\n<meta name=\"twitter:creator\" content=\"@syndesis_health\" \/>\n<meta name=\"twitter:site\" content=\"@syndesis_health\" \/>\n<script type=\"application\/ld+json\" class=\"yoast-schema-graph\">{\"@context\":\"https:\\\/\\\/schema.org\",\"@graph\":[{\"@type\":\"Article\",\"@id\":\"https:\\\/\\\/syndesis.com\\\/pt-br\\\/syndesis-health-e-lacardio-assinam-acordo-de-colaboracao-em-pesquisa\\\/#article\",\"isPartOf\":{\"@id\":\"https:\\\/\\\/syndesis.com\\\/pt-br\\\/syndesis-health-e-lacardio-assinam-acordo-de-colaboracao-em-pesquisa\\\/\"},\"author\":{\"name\":\"syndesis\",\"@id\":\"https:\\\/\\\/syndesis.com\\\/pt-br\\\/#\\\/schema\\\/person\\\/a65808fb960be87be5f69fb037ca2480\"},\"headline\":\"Syndesis Health e LaCardio assinam acordo de colabora\u00e7\u00e3o em pesquisa\",\"datePublished\":\"2023-05-11T12:14:06+00:00\",\"dateModified\":\"2023-09-29T16:05:22+00:00\",\"mainEntityOfPage\":{\"@id\":\"https:\\\/\\\/syndesis.com\\\/pt-br\\\/syndesis-health-e-lacardio-assinam-acordo-de-colaboracao-em-pesquisa\\\/\"},\"wordCount\":550,\"commentCount\":0,\"publisher\":{\"@id\":\"https:\\\/\\\/syndesis.com\\\/pt-br\\\/#organization\"},\"keywords\":[\"Maio de 2023\"],\"articleSection\":[\"Not\u00edcias\"],\"inLanguage\":\"pt-BR\",\"potentialAction\":[{\"@type\":\"CommentAction\",\"name\":\"Comment\",\"target\":[\"https:\\\/\\\/syndesis.com\\\/pt-br\\\/syndesis-health-e-lacardio-assinam-acordo-de-colaboracao-em-pesquisa\\\/#respond\"]}]},{\"@type\":\"WebPage\",\"@id\":\"https:\\\/\\\/syndesis.com\\\/pt-br\\\/syndesis-health-e-lacardio-assinam-acordo-de-colaboracao-em-pesquisa\\\/\",\"url\":\"https:\\\/\\\/syndesis.com\\\/pt-br\\\/syndesis-health-e-lacardio-assinam-acordo-de-colaboracao-em-pesquisa\\\/\",\"name\":\"Syndesis Health e LaCardio assinam acordo de colabora\u00e7\u00e3o em pesquisa\",\"isPartOf\":{\"@id\":\"https:\\\/\\\/syndesis.com\\\/pt-br\\\/#website\"},\"datePublished\":\"2023-05-11T12:14:06+00:00\",\"dateModified\":\"2023-09-29T16:05:22+00:00\",\"description\":\"A LaCardio est\u00e1 se juntando \u00e0 Syndesis Health Network juntamente com institui\u00e7\u00f5es de sa\u00fade progressistas da Am\u00e9rica do Sul, \u00c1sia e \u00c1frica.\",\"breadcrumb\":{\"@id\":\"https:\\\/\\\/syndesis.com\\\/pt-br\\\/syndesis-health-e-lacardio-assinam-acordo-de-colaboracao-em-pesquisa\\\/#breadcrumb\"},\"inLanguage\":\"pt-BR\",\"potentialAction\":[{\"@type\":\"ReadAction\",\"target\":[\"https:\\\/\\\/syndesis.com\\\/pt-br\\\/syndesis-health-e-lacardio-assinam-acordo-de-colaboracao-em-pesquisa\\\/\"]}]},{\"@type\":\"BreadcrumbList\",\"@id\":\"https:\\\/\\\/syndesis.com\\\/pt-br\\\/syndesis-health-e-lacardio-assinam-acordo-de-colaboracao-em-pesquisa\\\/#breadcrumb\",\"itemListElement\":[{\"@type\":\"ListItem\",\"position\":1,\"name\":\"Home\",\"item\":\"https:\\\/\\\/syndesis.com\\\/pt-br\\\/\"},{\"@type\":\"ListItem\",\"position\":2,\"name\":\"Syndesis Health e LaCardio assinam acordo de colabora\u00e7\u00e3o em pesquisa\"}]},{\"@type\":\"WebSite\",\"@id\":\"https:\\\/\\\/syndesis.com\\\/pt-br\\\/#website\",\"url\":\"https:\\\/\\\/syndesis.com\\\/pt-br\\\/\",\"name\":\"Syndesis Health\",\"description\":\"\",\"publisher\":{\"@id\":\"https:\\\/\\\/syndesis.com\\\/pt-br\\\/#organization\"},\"potentialAction\":[{\"@type\":\"SearchAction\",\"target\":{\"@type\":\"EntryPoint\",\"urlTemplate\":\"https:\\\/\\\/syndesis.com\\\/pt-br\\\/?s={search_term_string}\"},\"query-input\":{\"@type\":\"PropertyValueSpecification\",\"valueRequired\":true,\"valueName\":\"search_term_string\"}}],\"inLanguage\":\"pt-BR\"},{\"@type\":\"Organization\",\"@id\":\"https:\\\/\\\/syndesis.com\\\/pt-br\\\/#organization\",\"name\":\"Syndesis Health\",\"url\":\"https:\\\/\\\/syndesis.com\\\/pt-br\\\/\",\"logo\":{\"@type\":\"ImageObject\",\"inLanguage\":\"pt-BR\",\"@id\":\"https:\\\/\\\/syndesis.com\\\/pt-br\\\/#\\\/schema\\\/logo\\\/image\\\/\",\"url\":\"https:\\\/\\\/syndesis.com\\\/wp-content\\\/uploads\\\/2023\\\/04\\\/Website-logo_4.25.png\",\"contentUrl\":\"https:\\\/\\\/syndesis.com\\\/wp-content\\\/uploads\\\/2023\\\/04\\\/Website-logo_4.25.png\",\"width\":673,\"height\":140,\"caption\":\"Syndesis Health\"},\"image\":{\"@id\":\"https:\\\/\\\/syndesis.com\\\/pt-br\\\/#\\\/schema\\\/logo\\\/image\\\/\"},\"sameAs\":[\"https:\\\/\\\/x.com\\\/syndesis_health\",\"https:\\\/\\\/www.linkedin.com\\\/company\\\/syndesis-health\"]},{\"@type\":\"Person\",\"@id\":\"https:\\\/\\\/syndesis.com\\\/pt-br\\\/#\\\/schema\\\/person\\\/a65808fb960be87be5f69fb037ca2480\",\"name\":\"syndesis\",\"image\":{\"@type\":\"ImageObject\",\"inLanguage\":\"pt-BR\",\"@id\":\"https:\\\/\\\/secure.gravatar.com\\\/avatar\\\/f44bb4b2e5742c54f24bf97b9fed7ae29669f2cf83434ca1721717919bc0b45c?s=96&d=mm&r=g\",\"url\":\"https:\\\/\\\/secure.gravatar.com\\\/avatar\\\/f44bb4b2e5742c54f24bf97b9fed7ae29669f2cf83434ca1721717919bc0b45c?s=96&d=mm&r=g\",\"contentUrl\":\"https:\\\/\\\/secure.gravatar.com\\\/avatar\\\/f44bb4b2e5742c54f24bf97b9fed7ae29669f2cf83434ca1721717919bc0b45c?s=96&d=mm&r=g\",\"caption\":\"syndesis\"},\"sameAs\":[\"https:\\\/\\\/syndesis.com\"],\"url\":\"https:\\\/\\\/syndesis.com\\\/pt-br\\\/author\\\/syndesis\\\/\"}]}<\/script>\n<!-- \/ Yoast SEO plugin. -->","yoast_head_json":{"title":"Syndesis Health e LaCardio assinam acordo de colabora\u00e7\u00e3o em pesquisa","description":"A LaCardio est\u00e1 se juntando \u00e0 Syndesis Health Network juntamente com institui\u00e7\u00f5es de sa\u00fade progressistas da Am\u00e9rica do Sul, \u00c1sia e \u00c1frica.","robots":{"index":"index","follow":"follow","max-snippet":"max-snippet:-1","max-image-preview":"max-image-preview:large","max-video-preview":"max-video-preview:-1"},"canonical":"https:\/\/syndesis.com\/pt-br\/syndesis-health-e-lacardio-assinam-acordo-de-colaboracao-em-pesquisa\/","og_locale":"pt_BR","og_type":"article","og_title":"Syndesis Health e LaCardio assinam acordo de colabora\u00e7\u00e3o em pesquisa","og_description":"A LaCardio est\u00e1 se juntando \u00e0 Syndesis Health Network juntamente com institui\u00e7\u00f5es de sa\u00fade progressistas da Am\u00e9rica do Sul, \u00c1sia e \u00c1frica.","og_url":"https:\/\/syndesis.com\/pt-br\/syndesis-health-e-lacardio-assinam-acordo-de-colaboracao-em-pesquisa\/","og_site_name":"Syndesis Health","article_published_time":"2023-05-11T12:14:06+00:00","article_modified_time":"2023-09-29T16:05:22+00:00","author":"syndesis","twitter_card":"summary_large_image","twitter_creator":"@syndesis_health","twitter_site":"@syndesis_health","schema":{"@context":"https:\/\/schema.org","@graph":[{"@type":"Article","@id":"https:\/\/syndesis.com\/pt-br\/syndesis-health-e-lacardio-assinam-acordo-de-colaboracao-em-pesquisa\/#article","isPartOf":{"@id":"https:\/\/syndesis.com\/pt-br\/syndesis-health-e-lacardio-assinam-acordo-de-colaboracao-em-pesquisa\/"},"author":{"name":"syndesis","@id":"https:\/\/syndesis.com\/pt-br\/#\/schema\/person\/a65808fb960be87be5f69fb037ca2480"},"headline":"Syndesis Health e LaCardio assinam acordo de colabora\u00e7\u00e3o em pesquisa","datePublished":"2023-05-11T12:14:06+00:00","dateModified":"2023-09-29T16:05:22+00:00","mainEntityOfPage":{"@id":"https:\/\/syndesis.com\/pt-br\/syndesis-health-e-lacardio-assinam-acordo-de-colaboracao-em-pesquisa\/"},"wordCount":550,"commentCount":0,"publisher":{"@id":"https:\/\/syndesis.com\/pt-br\/#organization"},"keywords":["Maio de 2023"],"articleSection":["Not\u00edcias"],"inLanguage":"pt-BR","potentialAction":[{"@type":"CommentAction","name":"Comment","target":["https:\/\/syndesis.com\/pt-br\/syndesis-health-e-lacardio-assinam-acordo-de-colaboracao-em-pesquisa\/#respond"]}]},{"@type":"WebPage","@id":"https:\/\/syndesis.com\/pt-br\/syndesis-health-e-lacardio-assinam-acordo-de-colaboracao-em-pesquisa\/","url":"https:\/\/syndesis.com\/pt-br\/syndesis-health-e-lacardio-assinam-acordo-de-colaboracao-em-pesquisa\/","name":"Syndesis Health e LaCardio assinam acordo de colabora\u00e7\u00e3o em pesquisa","isPartOf":{"@id":"https:\/\/syndesis.com\/pt-br\/#website"},"datePublished":"2023-05-11T12:14:06+00:00","dateModified":"2023-09-29T16:05:22+00:00","description":"A LaCardio est\u00e1 se juntando \u00e0 Syndesis Health Network juntamente com institui\u00e7\u00f5es de sa\u00fade progressistas da Am\u00e9rica do Sul, \u00c1sia e \u00c1frica.","breadcrumb":{"@id":"https:\/\/syndesis.com\/pt-br\/syndesis-health-e-lacardio-assinam-acordo-de-colaboracao-em-pesquisa\/#breadcrumb"},"inLanguage":"pt-BR","potentialAction":[{"@type":"ReadAction","target":["https:\/\/syndesis.com\/pt-br\/syndesis-health-e-lacardio-assinam-acordo-de-colaboracao-em-pesquisa\/"]}]},{"@type":"BreadcrumbList","@id":"https:\/\/syndesis.com\/pt-br\/syndesis-health-e-lacardio-assinam-acordo-de-colaboracao-em-pesquisa\/#breadcrumb","itemListElement":[{"@type":"ListItem","position":1,"name":"Home","item":"https:\/\/syndesis.com\/pt-br\/"},{"@type":"ListItem","position":2,"name":"Syndesis Health e LaCardio assinam acordo de colabora\u00e7\u00e3o em pesquisa"}]},{"@type":"WebSite","@id":"https:\/\/syndesis.com\/pt-br\/#website","url":"https:\/\/syndesis.com\/pt-br\/","name":"Syndesis Health","description":"","publisher":{"@id":"https:\/\/syndesis.com\/pt-br\/#organization"},"potentialAction":[{"@type":"SearchAction","target":{"@type":"EntryPoint","urlTemplate":"https:\/\/syndesis.com\/pt-br\/?s={search_term_string}"},"query-input":{"@type":"PropertyValueSpecification","valueRequired":true,"valueName":"search_term_string"}}],"inLanguage":"pt-BR"},{"@type":"Organization","@id":"https:\/\/syndesis.com\/pt-br\/#organization","name":"Syndesis Health","url":"https:\/\/syndesis.com\/pt-br\/","logo":{"@type":"ImageObject","inLanguage":"pt-BR","@id":"https:\/\/syndesis.com\/pt-br\/#\/schema\/logo\/image\/","url":"https:\/\/syndesis.com\/wp-content\/uploads\/2023\/04\/Website-logo_4.25.png","contentUrl":"https:\/\/syndesis.com\/wp-content\/uploads\/2023\/04\/Website-logo_4.25.png","width":673,"height":140,"caption":"Syndesis Health"},"image":{"@id":"https:\/\/syndesis.com\/pt-br\/#\/schema\/logo\/image\/"},"sameAs":["https:\/\/x.com\/syndesis_health","https:\/\/www.linkedin.com\/company\/syndesis-health"]},{"@type":"Person","@id":"https:\/\/syndesis.com\/pt-br\/#\/schema\/person\/a65808fb960be87be5f69fb037ca2480","name":"syndesis","image":{"@type":"ImageObject","inLanguage":"pt-BR","@id":"https:\/\/secure.gravatar.com\/avatar\/f44bb4b2e5742c54f24bf97b9fed7ae29669f2cf83434ca1721717919bc0b45c?s=96&d=mm&r=g","url":"https:\/\/secure.gravatar.com\/avatar\/f44bb4b2e5742c54f24bf97b9fed7ae29669f2cf83434ca1721717919bc0b45c?s=96&d=mm&r=g","contentUrl":"https:\/\/secure.gravatar.com\/avatar\/f44bb4b2e5742c54f24bf97b9fed7ae29669f2cf83434ca1721717919bc0b45c?s=96&d=mm&r=g","caption":"syndesis"},"sameAs":["https:\/\/syndesis.com"],"url":"https:\/\/syndesis.com\/pt-br\/author\/syndesis\/"}]}},"_links":{"self":[{"href":"https:\/\/syndesis.com\/pt-br\/wp-json\/wp\/v2\/posts\/1307","targetHints":{"allow":["GET"]}}],"collection":[{"href":"https:\/\/syndesis.com\/pt-br\/wp-json\/wp\/v2\/posts"}],"about":[{"href":"https:\/\/syndesis.com\/pt-br\/wp-json\/wp\/v2\/types\/post"}],"author":[{"embeddable":true,"href":"https:\/\/syndesis.com\/pt-br\/wp-json\/wp\/v2\/users\/1"}],"replies":[{"embeddable":true,"href":"https:\/\/syndesis.com\/pt-br\/wp-json\/wp\/v2\/comments?post=1307"}],"version-history":[{"count":0,"href":"https:\/\/syndesis.com\/pt-br\/wp-json\/wp\/v2\/posts\/1307\/revisions"}],"wp:attachment":[{"href":"https:\/\/syndesis.com\/pt-br\/wp-json\/wp\/v2\/media?parent=1307"}],"wp:term":[{"taxonomy":"category","embeddable":true,"href":"https:\/\/syndesis.com\/pt-br\/wp-json\/wp\/v2\/categories?post=1307"},{"taxonomy":"post_tag","embeddable":true,"href":"https:\/\/syndesis.com\/pt-br\/wp-json\/wp\/v2\/tags?post=1307"}],"curies":[{"name":"wp","href":"https:\/\/api.w.org\/{rel}","templated":true}]}}